{"id":1665,"date":"2015-11-17T18:07:52","date_gmt":"2015-11-17T18:07:52","guid":{"rendered":"http:\/\/www.espinarmuralismo.com\/?p=1665"},"modified":"2015-11-17T18:10:40","modified_gmt":"2015-11-17T18:10:40","slug":"1665","status":"publish","type":"post","link":"https:\/\/www.espinarmuralismo.com\/?p=1665","title":{"rendered":"Articulo Revista VIN2 &#8211; Valencia Interior"},"content":{"rendered":"<div id=\"js_4t\" class=\"_5pbx userContent\">\n<div id=\"id_564b6aae357907951116039\" class=\"text_exposed_root text_exposed\">\n<p>Os invito a ver el reportaje que me han hecho en la revista digital<a href=\"http:\/\/valenciainterior.com\/\" target=\"_blank\" rel=\"nofollow\">valenciainterior.com<\/a> , donde se habla sobre algunas de nuestras<br \/>\nrestauraciones y la obra nueva patrimonial que hemos ido dejando en las ciudades y pueblos en los que hemos trabajado en estos \u00faltimos 20 a\u00f1os:<\/p>\n<p>Ademuz, Aielo de Malferit, Albalat del tarongers, Alberic, Alfarrass\u00ed, Algimia de Alfara, Algemesi, Alginet, Almussafes, Alzira, Andilla, Antella, Aras de los Olmos, Balones, Beneixida, Beniarbeig, Benia<span class=\"text_exposed_show\">tjar, Benimodo, Bolbaite, Carcaixent, Chella, Denia, Fanzara, Gavarda, Godella, La Granja de la Costera, Higueruelas, Llosa de Ranes, Losa del Obispo, Meliana, Mislata, Moncada, Muro d&#8217;Alcoi, l&#8217;Oller\u00eda, Ontinyent, Gand\u00eda, la Pobleta de Andilla, Poliny\u00e0, Potries, Quart de les Valls, Benidorm, l&#8217;Albir, R\u00e0fol de Salem, Rotgl\u00e0 i Corber\u00e0, Sollana, Serra, Sot de Chera, Titaguas, Torrent de Fenollet, Vallada, Vallanca, Vall\u00e9s, Villanueva de Castell\u00f3n, Villar del Arzobispo y X\u00e0tiva.<\/span><\/p>\n<div class=\"text_exposed_show\">\n<p><a href=\"http:\/\/www.youblisher.com\/p\/1261348-VIN2\/\" target=\"_blank\" rel=\"nofollow\">http:\/\/www.youblisher.com\/p\/1261348-VIN2\/<\/a> De la p\u00e1gina 132 a la 151.<\/p>\n<p>Seguimos trabajando en la creaci\u00f3n y la restauraci\u00f3n del Patrimonio Local:<\/p>\n<\/div>\n<\/div>\n<div class=\"\"><\/div>\n<\/div>\n<div class=\"_3x-2\">\n<div>\n<div class=\"mtm\">\n<div id=\"u_jsonp_10_p\" class=\"_6m2 _1zpr clearfix _dcs _4_w4 _6m4 _5cwb\">\n<div class=\"clearfix _2r3x\">\n<div class=\"lfloat _ohe\"><\/div>\n<div class=\"_42ef\">\n<div class=\"_3ekx\">\n<div class=\"_6m3\">\n<div class=\"mbs _6m6\"><a href=\"http:\/\/l.facebook.com\/l.php?u=http%3A%2F%2Fwww.youblisher.com%2Fp%2F1261348-VIN2%2F&amp;h=CAQEHzU0u&amp;enc=AZO5JOLMs87Xr_GYKDU-QgKOOP--l2RdKRz_AniaAxqZaTM9Mshjl_yz5lXAYjvc3FzXFXn5hsn54EP7PchD46i3JkIZEactx4vx4H7eGbk_KwlRPkRhudvO8e8daH2ZjKr1wDKARTAsfPD8vsbO8EusZdAWHjbRlbBlJUmQdKszLHHyZuHYj1ZQtoHHgthUtBTL7jBFH-tPZb7YOPqZqLbD&amp;s=1\" target=\"_blank\" rel=\"nofollow\">VIN2 | PDF to Flipbook<\/a><\/div>\n<div class=\"_59tj\">\n<div>\n<div class=\"_6lz _6mb ellipsis\">YOUBLISHER.COM<\/div>\n<div class=\"_5tc6\"><\/div>\n<\/div>\n<\/div>\n<\/div>\n<\/div>\n<\/div>\n<\/div>\n<\/div>\n<\/div>\n<\/div>\n<\/div>\n","protected":false},"excerpt":{"rendered":"<p>Os invito a ver el reportaje que me han hecho en la revista digitalvalenciainterior.com , donde se habla sobre algunas de nuestras restauraciones y la obra nueva patrimonial que hemos ido dejando en las ciudades y pueblos en los que hemos trabajado en estos \u00faltimos 20 a\u00f1os: Ademuz, Aielo de Malferit, Albalat del tarongers, Alberic, Alfarrass\u00ed, Algimia de Alfara, Algemesi, Alginet, Almussafes, Alzira, Andilla, Antella, Aras de los Olmos, Balones, Beneixida, Beniarbeig, Beniatjar, Benimodo, Bolbaite, Carcaixent, Chella, Denia, Fanzara, Gavarda, Godella, La Granja de la Costera, Higueruelas, Llosa de Ranes, Losa del Obispo, Meliana, Mislata, Moncada, Muro d&#8217;Alcoi, l&#8217;Oller\u00eda, Ontinyent, Gand\u00eda, la Pobleta de Andilla, Poliny\u00e0, Potries, Quart de les Valls, Benidorm, l&#8217;Albir, R\u00e0fol de Salem, Rotgl\u00e0 i Corber\u00e0, Sollana, Serra, Sot de Chera, Titaguas, Torrent de Fenollet, Vallada, Vallanca, Vall\u00e9s, Villanueva de Castell\u00f3n, Villar del Arzobispo y X\u00e0tiva. http:\/\/www.youblisher.com\/p\/1261348-VIN2\/ De la p\u00e1gina 132 a la 151. Seguimos trabajando en la creaci\u00f3n y la restauraci\u00f3n del Patrimonio Local: VIN2 | PDF to Flipbook YOUBLISHER.COM<\/p>\n","protected":false},"author":2,"featured_media":0,"comment_status":"open","ping_status":"closed","sticky":false,"template":"","format":"standard","meta":{"footnotes":""},"categories":[191],"tags":[421],"_links":{"self":[{"href":"https:\/\/www.espinarmuralismo.com\/index.php?rest_route=\/wp\/v2\/posts\/1665"}],"collection":[{"href":"https:\/\/www.espinarmuralismo.com\/index.php?rest_route=\/wp\/v2\/posts"}],"about":[{"href":"https:\/\/www.espinarmuralismo.com\/index.php?rest_route=\/wp\/v2\/types\/post"}],"author":[{"embeddable":true,"href":"https:\/\/www.espinarmuralismo.com\/index.php?rest_route=\/wp\/v2\/users\/2"}],"replies":[{"embeddable":true,"href":"https:\/\/www.espinarmuralismo.com\/index.php?rest_route=%2Fwp%2Fv2%2Fcomments&post=1665"}],"version-history":[{"count":2,"href":"https:\/\/www.espinarmuralismo.com\/index.php?rest_route=\/wp\/v2\/posts\/1665\/revisions"}],"predecessor-version":[{"id":1668,"href":"https:\/\/www.espinarmuralismo.com\/index.php?rest_route=\/wp\/v2\/posts\/1665\/revisions\/1668"}],"wp:attachment":[{"href":"https:\/\/www.espinarmuralismo.com\/index.php?rest_route=%2Fwp%2Fv2%2Fmedia&parent=1665"}],"wp:term":[{"taxonomy":"category","embeddable":true,"href":"https:\/\/www.espinarmuralismo.com\/index.php?rest_route=%2Fwp%2Fv2%2Fcategories&post=1665"},{"taxonomy":"post_tag","embeddable":true,"href":"https:\/\/www.espinarmuralismo.com\/index.php?rest_route=%2Fwp%2Fv2%2Ftags&post=1665"}],"curies":[{"name":"wp","href":"https:\/\/api.w.org\/{rel}","templated":true}]}}